{"id":14873,"date":"2023-08-26T01:00:00","date_gmt":"2023-08-25T16:00:00","guid":{"rendered":"https:\/\/nkzw.jp\/igf\/2023\/08\/26\/en-colombia-igf-2023-overview\/"},"modified":"2023-08-26T01:00:00","modified_gmt":"2023-08-25T16:00:00","slug":"en-colombia-igf-2023-overview","status":"publish","type":"post","link":"https:\/\/nkzw.jp\/igf\/2023\/08\/26\/en-colombia-igf-2023-overview\/","title":{"rendered":"10\u00ba Foro Colombiano de Gobernanza de Internet (10th Colombian Internet Governance Forum) \u2014 In-Depth Report: Minutes Digest &#038; 3-Line Summary"},"content":{"rendered":"<p><img decoding=\"async\" src=\"https:\/\/nkzw.jp\/wp-content\/uploads\/2026\/07\/en-colombia-igf-2023-overview_thumbnail.svg\" alt=\"Colombia IGF 2023 \u30dc\u30b4\u30bf \u2014 Thumbnail\"><\/p>\n<h2>The 3-Line Summary<\/h2>\n<p><img decoding=\"async\" src=\"https:\/\/nkzw.jp\/wp-content\/uploads\/2026\/07\/en-colombia-igf-2023-overview_s3.svg\" alt=\"Colombia IGF 2023 \u30dc\u30b4\u30bf \u2014 3-line summary\"><\/p>\n<ol>\n<li><strong>On 23 November 2023 the 10th Colombian IGF met at Universidad del Rosario&#39;s Jockey Club building in Bogot\u00e1 \u2014 the climax of a three-day hybrid programme with the 2nd Youth Summit on the 21st and workshops on the 22nd.<\/strong><\/li>\n<li><strong>The forum&#39;s four panels covered the digital divide and inclusion, AI and emerging technologies, cybersecurity and cybercrime, and human rights and freedoms; workshops debuted digital wellbeing and blockchain-and-privacy.<\/strong><\/li>\n<li><strong>At its tenth milestone the series effectively promoted the youth summit to a full opening day, and \u2014 in the year generative AI broke through \u2014 put AI front and centre.<\/strong><\/li>\n<\/ol>\n<p>Welcome \u2014 this is the Japan IGF Support Organization. This in-depth report on <strong>10\u00ba Foro Colombiano de Gobernanza de Internet (10th Colombian Internet Governance Forum)<\/strong> draws on official outputs, session records and on-site reporting. In a hurry? The three lines above and the diagrams carry the gist.<\/p>\n<h2>Conference at a Glance (from official records)<\/h2>\n<p><img decoding=\"async\" src=\"https:\/\/nkzw.jp\/wp-content\/uploads\/2026\/07\/en-colombia-igf-2023-overview_h2.svg\" alt=\"Colombia IGF 2023 \u30dc\u30b4\u30bf \u2014 Conference at a glance\"><\/p>\n<table>\n<thead>\n<tr>\n<th>Item<\/th>\n<th>Detail<\/th>\n<\/tr>\n<\/thead>\n<tbody>\n<tr>\n<td>Official name<\/td>\n<td>10\u00ba Foro Colombiano de Gobernanza de Internet (10th Colombian Internet Governance Forum)<\/td>\n<\/tr>\n<tr>\n<td>Dates<\/td>\n<td>23 November 2023<\/td>\n<\/tr>\n<tr>\n<td>Venue<\/td>\n<td>Universidad del Rosario, Edificio Jockey Club, Cra. 6 #15-18, Bogot\u00e1 (Resolves the catalogue&#39;s unknown venue via the official page: &#39;El Foro ser\u00e1 h\u00edbrido y tendr\u00e1 lugar en la Universidad del Rosario, Edificio Jockey Club Cra. 6 #15 &#8211; 18&#8230; y a trav\u00e9s de la Plataforma Zoom y YouTube&#39; \u2014 a return to the 2016-2017 venue)<\/td>\n<\/tr>\n<tr>\n<td>Theme<\/td>\n<td>Regional governance themes<\/td>\n<\/tr>\n<tr>\n<td>Format<\/td>\n<td>Hybrid (on site plus Zoom and YouTube)<\/td>\n<\/tr>\n<tr>\n<td>Host<\/td>\n<td>Mesa Colombiana de Gobernanza de Internet<\/td>\n<\/tr>\n<tr>\n<td>Note<\/td>\n<td>Tenth-edition milestone<\/td>\n<\/tr>\n<\/tbody>\n<\/table>\n<p>(See the source list at the end of this article.)<\/p>\n<h2>Discussion Digest \u2014 from the Session Records<\/h2>\n<p><img decoding=\"async\" src=\"https:\/\/nkzw.jp\/wp-content\/uploads\/2026\/07\/en-colombia-igf-2023-overview_minutes.svg\" alt=\"Colombia IGF 2023 \u30dc\u30b4\u30bf \u2014 Discussion map\"><\/p>\n<p>Key exchanges extracted from session records and transcripts.<\/p>\n<h3>1. AI and Emerging Technologies \u2014 Centre Stage in Generative AI&#39;s Breakout Year<\/h3>\n<p><strong>Sessions<\/strong>: Panel &#39;Artificial intelligence and emerging technologies&#39; (23 Nov, one of four panels)<\/p>\n<ul>\n<li>AI, introduced as a workshop subject in 2022, was promoted to a full forum panel in the wake of generative AI&#39;s explosion [1]<\/li>\n<li>A new workshop on blockchain and information privacy (run by Universidad Distrital) expanded the pathway for learning new technologies&#39; rights impact [1]<\/li>\n<li>The Youth Summit likewise listed AI and emerging tech among its four themes, creating a cross-generational AI-governance structure [1]<\/li>\n<\/ul>\n<h3>2. The Youth Summit Comes of Age \u2014 a Full Day with an Open Call for Sessions<\/h3>\n<p><strong>Sessions<\/strong>: 2nd Youth Internet Governance Summit of Colombia (21 Nov, 8 am &#8211; 6 pm)<\/p>\n<ul>\n<li>The summit, designed and run by 18-35-year-olds from Colombia and abroad, expanded to a full day with panels, workshops, keynotes, round tables and lightning talks [1]<\/li>\n<li>Around four themes \u2014 digital inclusion, AI and emerging tech, digital human rights, cybersecurity \u2014 it adopted a global-IGF-style open call for session proposals (until 16 October 2023) [1]<\/li>\n<li>It cemented the series&#39; youth-participation institution, carried into the 3rd summit in 2024 (with LACNIC on cybersecurity) [1]<\/li>\n<\/ul>\n<h3>3. Cybersecurity and Digital Wellbeing \u2014 Citizen Safety on Two Layers<\/h3>\n<p><strong>Sessions<\/strong>: Panel &#39;Cybersecurity, cybercrime and online safety&#39; (23 Nov) and the &#39;Digital Wellbeing&#39; workshop (22 Nov, Universidad de La Sabana)<\/p>\n<ul>\n<li>The forum panel reframed cybersecurity from state defence to the citizen&#39;s view of cybercrime and online safety [1]<\/li>\n<li>Universidad de La Sabana&#39;s new digital-wellbeing workshop imported a broader safety concept \u2014 over-connection, mental health \u2014 that would become a headline theme by 2025 [1]<\/li>\n<li>The standing workshops continued: multistakeholder model (CRC) and digital security (Colnodo, Telef\u00f3nica\/Movistar, Universidad Distrital) [1]<\/li>\n<\/ul>\n<h3>4. Rights, Freedoms and the Divide \u2014 a Ten-Year Benchmark<\/h3>\n<p><strong>Sessions<\/strong>: Panels &#39;Human rights and freedoms&#39; and &#39;Digital divide and inclusion&#39; (23 Nov)<\/p>\n<ul>\n<li>The rights-and-freedoms and digital-divide threads running since the 2014 first edition each kept an independent panel at the milestone [1][2]<\/li>\n<li>Hybrid streaming with sign-language interpretation continued \u2014 practising the inclusion the agenda preached [1][2]<\/li>\n<li>Returning to the Jockey Club auditorium of 2016-2017 reaffirmed academia&#39;s role as the series&#39; host sector [1][2]<\/li>\n<\/ul>\n<h2>Three-Minute Short Talk \u2014 Your Questions Answered<\/h2>\n<p><strong>Q. What changed at the tenth edition?<\/strong><\/p>\n<p>A. Youth. The summit designed by 18-35-year-olds was elevated to a full opening day with an open call for sessions \u2014 making a three-day structure: youth day, workshop day, forum day.<\/p>\n<p><strong>Q. What led the agenda?<\/strong><\/p>\n<p>A. AI. In the first edition after ChatGPT&#39;s debut, AI and emerging technologies became a full forum panel, joined by new workshops on blockchain-and-privacy and digital wellbeing.<\/p>\n<p><strong>Q. Why should I care?<\/strong><\/p>\n<p>A. It is a clean benchmark for comparing how national communities began deliberating generative AI, and the open-call youth track is a directly reusable design.<\/p>\n<h2>What Is Colombia IGF? (for first-time readers)<\/h2>\n<p><img decoding=\"async\" src=\"https:\/\/nkzw.jp\/wp-content\/uploads\/2026\/07\/en-colombia-igf-2023-overview_h1.svg\" alt=\"Colombia IGF 2023 \u30dc\u30b4\u30bf \u2014 About Colombia IGF\"><\/p>\n<p>Colombia IGF is a National or Regional IGF Initiative (NRI), aligning local internet governance discussion with global IGF principles.<\/p>\n<h2>Why It Matters to You<\/h2>\n<p>What was discussed here becomes <strong>the baseline for national digital policy, platform rules and AI regulation worldwide within a few years<\/strong>. The principles confirmed at the 2023 meeting are the foundation of the &quot;next rules&quot; for the phones, social platforms and AI services you use every day.<\/p>\n<h2>Sources &amp; References<\/h2>\n<ol>\n<li><a href=\"https:\/\/web.archive.org\/web\/20230920022422\/https:\/\/gobernanzadeinternet.co\/es\/foro-de-gobernanza\">Foro de Gobernanza 2023 \u2014 Acerca del 10\u00ba Foro Colombiano de Gobernanza de Internet\uff08\u516c\u5f0f\u30b5\u30a4\u30c8: \u4f1a\u5834\u30fb3\u65e5\u69cb\u6210\u30fb\u30d1\u30cd\u30eb\/\u30bf\u30e9\u30fc\u62c5\u5f53\u56e3\u4f53\u30fbYouth\u30b5\u30df\u30c3\u30c8\u516c\u52df\uff09<\/a> \u2014 Mesa Colombiana de Gobernanza de Internet\uff08Wayback Machine 2023\u5e749\u670820\u65e5\u30b9\u30ca\u30c3\u30d7\u30b7\u30e7\u30c3\u30c8\uff09 (accessed 2026-07-22)<\/li>\n<li><a href=\"https:\/\/gobernanzadeinternet.co\/es\/foros-anteriores\">Foros anteriores\uff08\u7b2cX\u56de=2023\u5e7411\u670823\u65e5\u30fb\u30cf\u30a4\u30d6\u30ea\u30c3\u30c9\u306e\u8a18\u9332\uff09<\/a> \u2014 gobernanzadeinternet.co (accessed 2026-07-22)<\/li>\n<li><a href=\"https:\/\/web.archive.org\/web\/20251101115302\/https:\/\/colnodo.apc.org\/es\/alianzas-membresias\/mesa-colombiana-de-gobernanza-de-internet2-2\">Mesa Colombiana de Gobernanza de Internet\uff08\u7cfb\u5217\u306e\u5e74\u6b21\u958b\u50ac\u8a18\u9332\uff09<\/a> \u2014 Colnodo\uff08Wayback Machine\u30a2\u30fc\u30ab\u30a4\u30d6\uff09 (accessed 2026-07-22)<\/li>\n<\/ol>\n<p><em>Quotes are translated or condensed from the records listed above. Bracketed numbers [n] refer to the source list.<\/em><\/p>\n<hr>\n<p><strong>Related links<\/strong><\/p>\n<ul>\n<li>IGF official (NRI list): <a href=\"https:\/\/www.intgovforum.org\/en\/content\/national-and-regional-igf-initiatives\">https:\/\/www.intgovforum.org\/en\/content\/national-and-regional-igf-initiatives<\/a><\/li>\n<li>Japan IGF: <a href=\"https:\/\/japanigf.jp\/\">https:\/\/japanigf.jp\/<\/a><\/li>\n<li>Yuki Nakazawa&#39;s blog: <a href=\"https:\/\/nkzw.jp\/category\/igf\/\">https:\/\/nkzw.jp\/category\/igf\/<\/a><\/li>\n<\/ul>\n<h2>\u66f4\u65b0\u5c65\u6b74<\/h2>\n<p>\u7b2c1\u7a3f\u6295\u7a3f 2026\u5e747\u670812\u65e5 10\u664254\u5206\uff08\u8a18\u4e8b\u30b3\u30f3\u30c6\u30f3\u30c4\u30a2\u30c3\u30d7\uff09<\/p>\n<p><em>\u2014 \u4e2d\u6fa4\u7950\u6a39<\/em><\/p>\n","protected":false},"excerpt":{"rendered":"<p>On 23 November 2023 the 10th Colombian IGF met at Universidad del Rosario&#8217;s Jockey Club building in Bogot\u00e1 \u2014 the climax of a three-day hybri<\/p>\n","protected":false},"author":1,"featured_media":0,"comment_status":"","ping_status":"open","sticky":false,"template":"","format":"standard","meta":{"footnotes":""},"categories":[109,3,19,11],"tags":[163,979,161,160,162,164],"class_list":["post-14873","post","type-post","status-publish","format-standard","hentry","category-colombia-igf","category-igf","category-lacigf","category-regional-igf","tag-3-line-summary","tag-colombiaigf2023","tag-deep-dive","tag-english","tag-minutes-digest","tag-sourced"],"_links":{"self":[{"href":"https:\/\/nkzw.jp\/igf\/wp-json\/wp\/v2\/posts\/14873","targetHints":{"allow":["GET"]}}],"collection":[{"href":"https:\/\/nkzw.jp\/igf\/wp-json\/wp\/v2\/posts"}],"about":[{"href":"https:\/\/nkzw.jp\/igf\/wp-json\/wp\/v2\/types\/post"}],"author":[{"embeddable":true,"href":"https:\/\/nkzw.jp\/igf\/wp-json\/wp\/v2\/users\/1"}],"replies":[{"embeddable":true,"href":"https:\/\/nkzw.jp\/igf\/wp-json\/wp\/v2\/comments?post=14873"}],"version-history":[{"count":0,"href":"https:\/\/nkzw.jp\/igf\/wp-json\/wp\/v2\/posts\/14873\/revisions"}],"wp:attachment":[{"href":"https:\/\/nkzw.jp\/igf\/wp-json\/wp\/v2\/media?parent=14873"}],"wp:term":[{"taxonomy":"category","embeddable":true,"href":"https:\/\/nkzw.jp\/igf\/wp-json\/wp\/v2\/categories?post=14873"},{"taxonomy":"post_tag","embeddable":true,"href":"https:\/\/nkzw.jp\/igf\/wp-json\/wp\/v2\/tags?post=14873"}],"curies":[{"name":"wp","href":"https:\/\/api.w.org\/{rel}","templated":true}]}}