{"id":14998,"date":"2023-08-27T03:00:00","date_gmt":"2023-08-26T18:00:00","guid":{"rendered":"https:\/\/nkzw.jp\/igf\/2023\/08\/27\/en-chile-igf-2023-overview\/"},"modified":"2023-08-27T03:00:00","modified_gmt":"2023-08-26T18:00:00","slug":"en-chile-igf-2023-overview","status":"publish","type":"post","link":"https:\/\/nkzw.jp\/igf\/2023\/08\/27\/en-chile-igf-2023-overview\/","title":{"rendered":"IGF Chile 2023 \u2014 First Annual Meeting of the Internet Governance Forum Chile \u2014 In-Depth Report: Minutes Digest &#038; 3-Line Summary"},"content":{"rendered":"<p><img decoding=\"async\" src=\"https:\/\/nkzw.jp\/wp-content\/uploads\/2026\/08\/en-chile-igf-2023-overview_thumbnail.svg\" alt=\"Chile IGF 2023 \u30b5\u30f3\u30c6\u30a3\u30a2\u30b4 \u2014 Thumbnail\"><\/p>\n<h2>The 3-Line Summary<\/h2>\n<p><img decoding=\"async\" src=\"https:\/\/nkzw.jp\/wp-content\/uploads\/2026\/08\/en-chile-igf-2023-overview_s3.svg\" alt=\"Chile IGF 2023 \u30b5\u30f3\u30c6\u30a3\u30a2\u30b4 \u2014 3-line summary\"><\/p>\n<ol>\n<li><strong>On 8\u20139 June 2023 IGF Chile held its first annual meeting as a two-city relay \u2014 Temuco in the south, then Santiago \u2014 with 92 registered participants in hybrid format and the Araucan\u00eda regional governor opening day one.<\/strong><\/li>\n<li><strong>Temuco debated Chile&#39;s digital future, connectivity and the digital divide; Santiago took resilient infrastructure, AI and cybersecurity, with the telecoms undersecretary and former senator Guido Girardi on stage.<\/strong><\/li>\n<li><strong>Chile \u2014 home of the 2010 net-neutrality law and the 2021 neurorights law \u2014 finally got its national IGF, and chose a capital-plus-region design to launch it.<\/strong><\/li>\n<\/ol>\n<p>Welcome \u2014 this is the Japan IGF Support Organization. This in-depth report on <strong>IGF Chile 2023 \u2014 First Annual Meeting of the Internet Governance Forum Chile<\/strong> draws on official outputs, session records and on-site reporting. In a hurry? The three lines above and the diagrams carry the gist.<\/p>\n<h2>Conference at a Glance (from official records)<\/h2>\n<p><img decoding=\"async\" src=\"https:\/\/nkzw.jp\/wp-content\/uploads\/2026\/08\/en-chile-igf-2023-overview_h2.svg\" alt=\"Chile IGF 2023 \u30b5\u30f3\u30c6\u30a3\u30a2\u30b4 \u2014 Conference at a glance\"><\/p>\n<table>\n<thead>\n<tr>\n<th>Item<\/th>\n<th>Detail<\/th>\n<\/tr>\n<\/thead>\n<tbody>\n<tr>\n<td>Official name<\/td>\n<td>IGF Chile 2023 \u2014 First Annual Meeting of the Internet Governance Forum Chile<\/td>\n<\/tr>\n<tr>\n<td>Dates<\/td>\n<td>8\u20139 June 2023<\/td>\n<\/tr>\n<tr>\n<td>Venue<\/td>\n<td>Temuco (Hotel Frontera, Manuel Bulnes 726) on 8 June and Santiago (Auditorio Enrique D&#39;Etigny, Beauchef campus, FCFM, Universidad de Chile) on 9 June; hybrid with live streaming<\/td>\n<\/tr>\n<tr>\n<td>Theme<\/td>\n<td>Regional governance themes<\/td>\n<\/tr>\n<tr>\n<td>Participants<\/td>\n<td>92 (92 formally registered (official narrative report); day 1 ~50 on-site + 10 online, day 2 ~15 on-site + 50 online; 284 recording views. Breakdown: civil society 38, private sector 31, government 15, technical community 7)<\/td>\n<\/tr>\n<tr>\n<td>Host<\/td>\n<td>Organised by Fundaci\u00f3n EPAS, NIC Chile, FCFM (Universidad de Chile), Universidad del B\u00edo-B\u00edo and Fundaci\u00f3n GesP\u00fablica; sponsored by the Araucan\u00eda regional government (GORE), regional council (CORE), Desarrolla Araucan\u00eda and CORFO<\/td>\n<\/tr>\n<tr>\n<td>Outcome<\/td>\n<td>The first annual forum of IGF Chile (formed 2022); a narrative report was filed with the UN IGF Secretariat (USD 5,000 IGF grant); recordings published on YouTube<\/td>\n<\/tr>\n<\/tbody>\n<\/table>\n<p>(See the source list at the end of this article.)<\/p>\n<h2>Discussion Digest \u2014 from the Session Records<\/h2>\n<p><img decoding=\"async\" src=\"https:\/\/nkzw.jp\/wp-content\/uploads\/2026\/08\/en-chile-igf-2023-overview_minutes.svg\" alt=\"Chile IGF 2023 \u30b5\u30f3\u30c6\u30a3\u30a2\u30b4 \u2014 Discussion map\"><\/p>\n<p>Key exchanges extracted from session records and transcripts.<\/p>\n<h3>1. A Two-City Relay \u2014 Starting the National IGF in Araucan\u00eda<\/h3>\n<p><strong>Sessions<\/strong>: Temuco day (8 June; opened by regional governor Luciano Rivas and IGF Chile coordinator Stefan Berres)<\/p>\n<ul>\n<li>Day one ran not in the capital but in Temuco, Araucan\u00eda, with the regional governor, council and development corporations as sponsors \u2014 a rare region-first launch [3][2]<\/li>\n<li>Temuco&#39;s three panels covered &#39;Digital Chile, innovation and future&#39;, &#39;Connectivity and skills&#39; and &#39;the digital divide&#39;, with SUBTEL and Smart Araucan\u00eda participating [3][2]<\/li>\n<li>The open consultation at registration surfaced regional issues from Mapuche community access to connectivity in greater Temuco&#39;s periphery [3][2]<\/li>\n<\/ul>\n<h3>2. Resilient Infrastructure \u2014 Homework 13 Years After the Net-Neutrality Law<\/h3>\n<p><strong>Sessions<\/strong>: Santiago panel &#39;Resilient Infrastructure&#39; (9 June; undersecretary Claudio Araya, Jos\u00e9 Miguel Piquer, Daniel Halpern, Ximena Rojas)<\/p>\n<ul>\n<li>Undersecretary Claudio Araya, U. de Chile&#39;s Jos\u00e9 Miguel Piquer and COTEL&#39;s Daniel Halpern examined infrastructure resilience [3][2]<\/li>\n<li>The report&#39;s verdict: Chile&#39;s 2010 net-neutrality law remains &#39;inconclusive&#39; in effective implementation for lack of regulations and inspection capacity \u2014 to be revisited at the next forum [3][2]<\/li>\n<li>Redundancy in a disaster-prone geography and cooperative-run connectivity linked back to the regional day [3][2]<\/li>\n<\/ul>\n<h3>3. AI and Neurorights \u2014 Stress-Testing the &#39;Chilean Model&#39;<\/h3>\n<p><strong>Sessions<\/strong>: Santiago panel &#39;Artificial Intelligence&#39; (9 June; Guido Girardi, Giovanni Pa\u00eds, Ignacio Bugue\u00f1o)<\/p>\n<ul>\n<li>Former senator Guido Girardi \u2014 architect of the neurorights constitutional amendment \u2014 set out the next moves in AI regulation [3][2]<\/li>\n<li>The report records Chile&#39;s 2021 National AI Policy and the pioneering neurorights legislation as governance advances of interest to other countries [3][2]<\/li>\n<li>Pairing a startup CEO (Dual Vision) with university researchers kept industrial policy in the frame [3][2]<\/li>\n<\/ul>\n<h3>4. Starting with 92 \u2014 an Honest Record of a Nascent NRI<\/h3>\n<p><strong>Sessions<\/strong>: The event overall, including the cybersecurity panel and the narrative report<\/p>\n<ul>\n<li>The cybersecurity panel (Alejandro Hevia, Lorena Donoso and consultant Cristi\u00e1n Rojas) addressed the framework cybersecurity bill then in debate [3]<\/li>\n<li>The narrative report discloses everything from the 92 registrations to daily on-site\/online splits, candidly noting that open calls drew limited input &#39;for lack of visibility and community&#39; [3]<\/li>\n<li>Preparation ran on weekly meetings from April 2022, three warm-up webinars, and a USD 5,000 IGF grant [3]<\/li>\n<\/ul>\n<h2>Three-Minute Short Talk \u2014 Your Questions Answered<\/h2>\n<p><strong>Q. Chile had no IGF until now?<\/strong><\/p>\n<p>A. Correct. A legislative pioneer \u2014 net neutrality in 2010, neurorights in 2021 \u2014 only formed its multistakeholder forum in 2022, and this June 2023 meeting was the first annual edition.<\/p>\n<p><strong>Q. Why start in Temuco?<\/strong><\/p>\n<p>A. The regional government and foundations funded and hosted it \u2014 a region-first launch that put issues like Mapuche community access on a national agenda.<\/p>\n<p><strong>Q. Why should I care?<\/strong><\/p>\n<p>A. An honest 92-person start with fully disclosed attendance data is a model of transparency, and &#39;a law passed but never implemented&#39; is a universal lesson from the net-neutrality debate.<\/p>\n<h2>What Is Chile IGF? (for first-time readers)<\/h2>\n<p><img decoding=\"async\" src=\"https:\/\/nkzw.jp\/wp-content\/uploads\/2026\/08\/en-chile-igf-2023-overview_h1.svg\" alt=\"Chile IGF 2023 \u30b5\u30f3\u30c6\u30a3\u30a2\u30b4 \u2014 About Chile IGF\"><\/p>\n<p>Chile IGF is a National or Regional IGF Initiative (NRI), aligning local internet governance discussion with global IGF principles.<\/p>\n<h2>Why It Matters to You<\/h2>\n<p>What was discussed here becomes <strong>the baseline for national digital policy, platform rules and AI regulation worldwide within a few years<\/strong>. The principles confirmed at the 2023 meeting are the foundation of the &quot;next rules&quot; for the phones, social platforms and AI services you use every day.<\/p>\n<h2>Sources &amp; References<\/h2>\n<ol>\n<li><a href=\"https:\/\/ingenieria.uchile.cl\/agenda\/205813\/encuentro-foro-de-gobernanza-de-internet-igf-chile\">Encuentro Foro de Gobernanza de Internet IGF Chile\uff08\u30b5\u30f3\u30c6\u30a3\u30a2\u30b4\u4f1a\u5834\u306e\u516c\u5f0f\u30a2\u30b8\u30a7\u30f3\u30c0: 3\u30d1\u30cd\u30eb\u30fb\u767b\u58c7\u8005\uff09<\/a> \u2014 ingenieria.uchile.cl (accessed 2026-07-23)<\/li>\n<li><a href=\"https:\/\/sites.google.com\/view\/igfchile\">Foro de Gobernanza de Internet &#8211; IGF Chile\uff08\u516c\u5f0f\u30b5\u30a4\u30c8: 2022\u5e74\u30a6\u30a7\u30d3\u30ca\u30fc\u30fb2023\u5e74\u30c6\u30e0\u30b3+\u30b5\u30f3\u30c6\u30a3\u30a2\u30b4\u958b\u50ac\u306e\u8a18\u9332\uff09<\/a> \u2014 sites.google.com\/view\/igfchile (accessed 2026-07-23)<\/li>\n<li><a href=\"https:\/\/intgovforum.org\/en\/filedepot_download\/21\/26953\">IGF Chile 2023 Narrative report\uff08\u56fd\u9023\u63d0\u51fa\u306e\u516c\u5f0f\u5831\u544a\u66f8: \u4f1a\u5834\u30fb\u4e3b\u50ac\u30fb\u53c2\u52a0\u7d71\u8a08\u30fb\u5168\u30a2\u30b8\u30a7\u30f3\u30c0\u30fb\u4e3b\u8981\u8ad6\u70b9\uff09<\/a> \u2014 intgovforum.org filedepot (accessed 2026-07-23)<\/li>\n<li><a href=\"https:\/\/lacigf.org\/iniciativas-nacionales\/\">Iniciativas de gobernanza \u2014 \u56fd\u5225\u30a4\u30cb\u30b7\u30a2\u30c1\u30d6\u4e00\u89a7\uff08\u30c1\u30eaFGI\u306e2022\u5e74\u516c\u8a8d\u306e\u8a18\u9332\uff09<\/a> \u2014 lacigf.org (accessed 2026-07-23)<\/li>\n<\/ol>\n<p><em>Quotes are translated or condensed from the records listed above. Bracketed numbers [n] refer to the source list.<\/em><\/p>\n<hr>\n<p><strong>Related links<\/strong><\/p>\n<ul>\n<li>IGF official (NRI list): <a href=\"https:\/\/www.intgovforum.org\/en\/content\/national-and-regional-igf-initiatives\">https:\/\/www.intgovforum.org\/en\/content\/national-and-regional-igf-initiatives<\/a><\/li>\n<li>Japan IGF: <a href=\"https:\/\/japanigf.jp\/\">https:\/\/japanigf.jp\/<\/a><\/li>\n<li>Yuki Nakazawa&#39;s blog: <a href=\"https:\/\/nkzw.jp\/category\/igf\/\">https:\/\/nkzw.jp\/category\/igf\/<\/a><\/li>\n<\/ul>\n<h2>\u66f4\u65b0\u5c65\u6b74<\/h2>\n<p>\u7b2c1\u7a3f\u6295\u7a3f 2026\u5e748\u67089\u65e5 10\u664244\u5206\uff08\u8a18\u4e8b\u30b3\u30f3\u30c6\u30f3\u30c4\u30a2\u30c3\u30d7\uff09<\/p>\n<p><em>\u2014 \u4e2d\u6fa4\u7950\u6a39<\/em><\/p>\n","protected":false},"excerpt":{"rendered":"<p>On 8\u20139 June 2023 IGF Chile held its first annual meeting as a two-city relay \u2014 Temuco in the south, then Santiago \u2014 with 92 registered parti<\/p>\n","protected":false},"author":1,"featured_media":0,"comment_status":"","ping_status":"open","sticky":false,"template":"","format":"standard","meta":{"footnotes":""},"categories":[127,3,19,11],"tags":[163,2698,161,160,162,164],"class_list":["post-14998","post","type-post","status-publish","format-standard","hentry","category-chile-igf","category-igf","category-lacigf","category-regional-igf","tag-3-line-summary","tag-chileigf2023","tag-deep-dive","tag-english","tag-minutes-digest","tag-sourced"],"_links":{"self":[{"href":"https:\/\/nkzw.jp\/igf\/wp-json\/wp\/v2\/posts\/14998","targetHints":{"allow":["GET"]}}],"collection":[{"href":"https:\/\/nkzw.jp\/igf\/wp-json\/wp\/v2\/posts"}],"about":[{"href":"https:\/\/nkzw.jp\/igf\/wp-json\/wp\/v2\/types\/post"}],"author":[{"embeddable":true,"href":"https:\/\/nkzw.jp\/igf\/wp-json\/wp\/v2\/users\/1"}],"replies":[{"embeddable":true,"href":"https:\/\/nkzw.jp\/igf\/wp-json\/wp\/v2\/comments?post=14998"}],"version-history":[{"count":0,"href":"https:\/\/nkzw.jp\/igf\/wp-json\/wp\/v2\/posts\/14998\/revisions"}],"wp:attachment":[{"href":"https:\/\/nkzw.jp\/igf\/wp-json\/wp\/v2\/media?parent=14998"}],"wp:term":[{"taxonomy":"category","embeddable":true,"href":"https:\/\/nkzw.jp\/igf\/wp-json\/wp\/v2\/categories?post=14998"},{"taxonomy":"post_tag","embeddable":true,"href":"https:\/\/nkzw.jp\/igf\/wp-json\/wp\/v2\/tags?post=14998"}],"curies":[{"name":"wp","href":"https:\/\/api.w.org\/{rel}","templated":true}]}}