{"id":15158,"date":"2023-08-18T22:00:00","date_gmt":"2023-08-18T13:00:00","guid":{"rendered":"https:\/\/nkzw.jp\/igf\/2023\/08\/18\/en-peru-igf-2023-overview\/"},"modified":"2023-08-18T22:00:00","modified_gmt":"2023-08-18T13:00:00","slug":"en-peru-igf-2023-overview","status":"publish","type":"post","link":"https:\/\/nkzw.jp\/igf\/2023\/08\/18\/en-peru-igf-2023-overview\/","title":{"rendered":"IGF Per\u00fa 2023 (7th National IGF of Peru) \u2014 In-Depth Report: Minutes Digest &#038; 3-Line Summary"},"content":{"rendered":"<p><img decoding=\"async\" src=\"https:\/\/nkzw.jp\/wp-content\/uploads\/2026\/08\/en-peru-igf-2023-overview_thumbnail.svg\" alt=\"Peru IGF 2023 \u30ea\u30de \u2014 Thumbnail\"><\/p>\n<h2>The 3-Line Summary<\/h2>\n<p><img decoding=\"async\" src=\"https:\/\/nkzw.jp\/wp-content\/uploads\/2026\/08\/en-peru-igf-2023-overview_s3.svg\" alt=\"Peru IGF 2023 \u30ea\u30de \u2014 3-line summary\"><\/p>\n<ol>\n<li><strong>The seventh IGF Per\u00fa met on 5\u20136 December 2023 \u2014 day one online, day two in person at a Lima hotel \u2014 marking the return to physical meetings after the coup-shortened 2022 edition.<\/strong><\/li>\n<li><strong>Six panels ran under five axes (digital transformation, connectivity and digital citizenship, digital economy, citizen innovation, AI), headlined by AI and human rights, internet access as a constitutional right, e-commerce and digital identity.<\/strong><\/li>\n<li><strong>With RENIEC&#39;s chief and ISOC and Hiperderecho leaders opening the in-person day, this was Peru&#39;s first national IGF to debate generative-AI-era rights protection head-on.<\/strong><\/li>\n<\/ol>\n<p>Welcome \u2014 this is the Japan IGF Support Organization. This in-depth report on <strong>IGF Per\u00fa 2023 (7th National IGF of Peru)<\/strong> draws on official outputs, session records and on-site reporting. In a hurry? The three lines above and the diagrams carry the gist.<\/p>\n<h2>Conference at a Glance (from official records)<\/h2>\n<p><img decoding=\"async\" src=\"https:\/\/nkzw.jp\/wp-content\/uploads\/2026\/08\/en-peru-igf-2023-overview_h2.svg\" alt=\"Peru IGF 2023 \u30ea\u30de \u2014 Conference at a glance\"><\/p>\n<table>\n<thead>\n<tr>\n<th>Item<\/th>\n<th>Detail<\/th>\n<\/tr>\n<\/thead>\n<tbody>\n<tr>\n<td>Official name<\/td>\n<td>IGF Per\u00fa 2023 (7th National IGF of Peru)<\/td>\n<\/tr>\n<tr>\n<td>Dates<\/td>\n<td>5\u20136 December 2023<\/td>\n<\/tr>\n<tr>\n<td>Venue<\/td>\n<td>Hybrid: day one online, day two in person at the Hotel Ramada Encore in Lima<\/td>\n<\/tr>\n<tr>\n<td>Theme<\/td>\n<td>Regional governance themes<\/td>\n<\/tr>\n<tr>\n<td>Participants<\/td>\n<td>60 (Around 60 people attended in person (per the official Edici\u00f3n 2024 page&#39;s retrospective figure); sessions were also streamed publicly on Facebook)<\/td>\n<\/tr>\n<tr>\n<td>Host<\/td>\n<td>Eight-member organising committee \u2014 Hiperderecho, ComexPer\u00fa, ISICRI, Cultura Digital.pe, RENIEC, CGI USMP, Red Cient\u00edfica Peruana and Democracia Digital \u2014 with the secretariat held by USMP&#39;s Internet Governance Studies Centre (CGI USMP)<\/td>\n<\/tr>\n<\/tbody>\n<\/table>\n<p>(See the source list at the end of this article.)<\/p>\n<h2>Discussion Digest \u2014 from the Session Records<\/h2>\n<p><img decoding=\"async\" src=\"https:\/\/nkzw.jp\/wp-content\/uploads\/2026\/08\/en-peru-igf-2023-overview_minutes.svg\" alt=\"Peru IGF 2023 \u30ea\u30de \u2014 Discussion map\"><\/p>\n<p>Key exchanges extracted from session records and transcripts.<\/p>\n<h3>1. AI through a Human-Rights Lens \u2014 the First Full Debate of the Generative Era<\/h3>\n<p><strong>Sessions<\/strong>: Panel 3 &#39;Inteligencia Artificial desde el Enfoque de Derechos Humanos&#39; (6 December)<\/p>\n<ul>\n<li>Hiperderecho&#39;s panel brought together F\u00e1tima Toche (Iriarte y Asociados), Umut Pajaro (Internet Society) and Hiperderecho technology director Edgar Huaranga [2]<\/li>\n<li>Panellists converged on the need for a human-rights approach when building AI-based tools, and panel 4 linked the discussion to global AI-regulation trends [2]<\/li>\n<\/ul>\n<h3>2. Opening Lecture \u2014 Elaine Ford on Where Internet Governance Stands<\/h3>\n<p><strong>Sessions<\/strong>: Day-two opening ceremony (6 December, Hotel Ramada Encore)<\/p>\n<ul>\n<li>Ford framed internet governance as the decentralised, collaborative processes and norms shaping how the internet is run, citing Diplo&#39;s seven baskets and highlighting the UN&#39;s &#39;Age of Digital Interdependence&#39; report and the new Geneva AI working groups [1]<\/li>\n<li>RENIEC chief Carmen Velarde, CGI USMP&#39;s Maritza Ag\u00fcero and Hiperderecho executive director Dilmar Villena shared the opening stage [1]<\/li>\n<\/ul>\n<h3>3. Internet Access as a Constitutional Right \u2014 the Connectivity and Legislation Panels<\/h3>\n<p><strong>Sessions<\/strong>: Panels 1 &#39;Conectividad e inclusi\u00f3n digital&#39; and 2 on constitutionalising access and data-protection policy (6 December)<\/p>\n<ul>\n<li>Peru had just constitutionalised internet access in 2023, and implementing that right \u2014 together with data-protection reform \u2014 anchored the legal-policy panel [1]<\/li>\n<li>The connectivity panel addressed investment and inclusion for unconnected regions, embodying the forum&#39;s lead axis of connectivity and digital citizenship [1]<\/li>\n<\/ul>\n<h3>4. E-commerce and Digital Identity \u2014 RENIEC&#39;s Identity-Infrastructure Question<\/h3>\n<p><strong>Sessions<\/strong>: Panels 5 &#39;Desaf\u00edos del comercio electr\u00f3nico en el Per\u00fa&#39; and 6 on technologies for digital-identity governance (6 December)<\/p>\n<ul>\n<li>The e-commerce panel, led by ComexPer\u00fa, covered payments, logistics and consumer protection [1]<\/li>\n<li>With identity agency RENIEC on the committee, a dedicated panel examined the governance of Peru&#39;s national digital ID (DNIe) [1]<\/li>\n<\/ul>\n<h2>Three-Minute Short Talk \u2014 Your Questions Answered<\/h2>\n<p><strong>Q. What kind of year was it?<\/strong><\/p>\n<p>A. The return to in-person meetings after the coup-shortened 2022 edition: day one online, day two at a Lima hotel with about 60 people in the room.<\/p>\n<p><strong>Q. What was the top issue?<\/strong><\/p>\n<p>A. AI. Panellists agreed AI tools must be built with a human-rights approach, and the forum also debated how to implement Peru&#39;s brand-new constitutional right to internet access.<\/p>\n<p><strong>Q. Why should I care?<\/strong><\/p>\n<p>A. Generative-AI rights impacts and digital-ID governance are universal questions \u2014 and Peru&#39;s constitutionalisation of internet access is an institutional experiment worth watching.<\/p>\n<h2>What Is Peru IGF? (for first-time readers)<\/h2>\n<p><img decoding=\"async\" src=\"https:\/\/nkzw.jp\/wp-content\/uploads\/2026\/08\/en-peru-igf-2023-overview_h1.svg\" alt=\"Peru IGF 2023 \u30ea\u30de \u2014 About Peru IGF\"><\/p>\n<p>Peru IGF is a National or Regional IGF Initiative (NRI), aligning local internet governance discussion with global IGF principles.<\/p>\n<h2>Why It Matters to You<\/h2>\n<p>What was discussed here becomes <strong>the baseline for national digital policy, platform rules and AI regulation worldwide within a few years<\/strong>. The principles confirmed at the 2023 meeting are the foundation of the &quot;next rules&quot; for the phones, social platforms and AI services you use every day.<\/p>\n<h2>Sources &amp; References<\/h2>\n<ol>\n<li><a href=\"https:\/\/democraciadigital.pe\/blogs\/igf-peru-una-nueva-edicion-foro-gobernanza-internet-se-llevo-cabo-expertos\">IGF PER\u00da | Una nueva edici\u00f3n del Foro de Gobernanza de Internet se llev\u00f3 a cabo con expertos\uff082023\u5e7412\u67085\u301c6\u65e5\u958b\u50ac\u306e\u8a73\u7d30\u5831\u544a\uff09<\/a> \u2014 Democracia Digital\uff08D&amp;D Internacional\uff09 (accessed 2026-07-23)<\/li>\n<li><a href=\"https:\/\/hiperderecho.org\/2024\/02\/hablemos-de-gobernanza-de-internet-en-el-peru-igf-peru-2023\/\">Hablemos de Gobernanza de Internet en el Per\u00fa: IGF Per\u00fa 2023\uff08\u5171\u50ac\u8005\u306b\u3088\u308b\u958b\u50ac\u5831\u544a\u3002\u300coctava\u300d\u306e\u56de\u6b21\u8868\u8a18\u306f\u8aa4\u6570\u3048\uff09<\/a> \u2014 Hiperderecho (accessed 2026-07-23)<\/li>\n<li><a href=\"https:\/\/gobernanzadeinternet.pe\/edicion-2024\/\">Edici\u00f3n 2024 \u2013 Foro de Gobernanza de Internet Per\u00fa\uff082023\u5e74\u306e\u5bfe\u9762\u53c2\u52a0\u7d0460\u4eba\u3078\u306e\u8a00\u53ca\uff09<\/a> \u2014 IGF Per\u00fa\uff08gobernanzadeinternet.pe\uff09 (accessed 2026-07-23)<\/li>\n<li><a href=\"https:\/\/www.intgovforum.org\/en\/content\/peru-igf\">Peru IGF\uff08NRI\u8a18\u9332\uff09<\/a> \u2014 intgovforum.org (accessed 2026-07-23)<\/li>\n<\/ol>\n<p><em>Quotes are translated or condensed from the records listed above. Bracketed numbers [n] refer to the source list.<\/em><\/p>\n<hr>\n<p><strong>Related links<\/strong><\/p>\n<ul>\n<li>IGF official (NRI list): <a href=\"https:\/\/www.intgovforum.org\/en\/content\/national-and-regional-igf-initiatives\">https:\/\/www.intgovforum.org\/en\/content\/national-and-regional-igf-initiatives<\/a><\/li>\n<li>Japan IGF: <a href=\"https:\/\/japanigf.jp\/\">https:\/\/japanigf.jp\/<\/a><\/li>\n<li>Yuki Nakazawa&#39;s blog: <a href=\"https:\/\/nkzw.jp\/category\/igf\/\">https:\/\/nkzw.jp\/category\/igf\/<\/a><\/li>\n<\/ul>\n<h2>\u66f4\u65b0\u5c65\u6b74<\/h2>\n<p>\u7b2c1\u7a3f\u6295\u7a3f 2026\u5e748\u67087\u65e5 8\u664217\u5206\uff08\u8a18\u4e8b\u30b3\u30f3\u30c6\u30f3\u30c4\u30a2\u30c3\u30d7\uff09<\/p>\n<p><em>\u2014 \u4e2d\u6fa4\u7950\u6a39<\/em><\/p>\n","protected":false},"excerpt":{"rendered":"<p>The seventh IGF Per\u00fa met on 5\u20136 December 2023 \u2014 day one online, day two in person at a Lima hotel \u2014 marking the return to physical meetings <\/p>\n","protected":false},"author":1,"featured_media":0,"comment_status":"","ping_status":"open","sticky":false,"template":"","format":"standard","meta":{"footnotes":""},"categories":[3,19,134,11],"tags":[163,161,160,162,2759,164],"class_list":["post-15158","post","type-post","status-publish","format-standard","hentry","category-igf","category-lacigf","category-peru-igf","category-regional-igf","tag-3-line-summary","tag-deep-dive","tag-english","tag-minutes-digest","tag-peruigf2023","tag-sourced"],"_links":{"self":[{"href":"https:\/\/nkzw.jp\/igf\/wp-json\/wp\/v2\/posts\/15158","targetHints":{"allow":["GET"]}}],"collection":[{"href":"https:\/\/nkzw.jp\/igf\/wp-json\/wp\/v2\/posts"}],"about":[{"href":"https:\/\/nkzw.jp\/igf\/wp-json\/wp\/v2\/types\/post"}],"author":[{"embeddable":true,"href":"https:\/\/nkzw.jp\/igf\/wp-json\/wp\/v2\/users\/1"}],"replies":[{"embeddable":true,"href":"https:\/\/nkzw.jp\/igf\/wp-json\/wp\/v2\/comments?post=15158"}],"version-history":[{"count":0,"href":"https:\/\/nkzw.jp\/igf\/wp-json\/wp\/v2\/posts\/15158\/revisions"}],"wp:attachment":[{"href":"https:\/\/nkzw.jp\/igf\/wp-json\/wp\/v2\/media?parent=15158"}],"wp:term":[{"taxonomy":"category","embeddable":true,"href":"https:\/\/nkzw.jp\/igf\/wp-json\/wp\/v2\/categories?post=15158"},{"taxonomy":"post_tag","embeddable":true,"href":"https:\/\/nkzw.jp\/igf\/wp-json\/wp\/v2\/tags?post=15158"}],"curies":[{"name":"wp","href":"https:\/\/api.w.org\/{rel}","templated":true}]}}