{"id":15275,"date":"2017-08-25T04:00:00","date_gmt":"2017-08-24T19:00:00","guid":{"rendered":"https:\/\/nkzw.jp\/igf\/2017\/08\/25\/en-uruguay-igf-2017-overview\/"},"modified":"2017-08-25T04:00:00","modified_gmt":"2017-08-24T19:00:00","slug":"en-uruguay-igf-2017-overview","status":"publish","type":"post","link":"https:\/\/nkzw.jp\/igf\/2017\/08\/25\/en-uruguay-igf-2017-overview\/","title":{"rendered":"Second IGF Uruguay \u2014 &#8216;Un pa\u00eds en clave digital&#8217; (A Country in a Digital Key) \u2014 In-Depth Report: Minutes Digest &#038; 3-Line Summary"},"content":{"rendered":"<p><img decoding=\"async\" src=\"https:\/\/nkzw.jp\/wp-content\/uploads\/2026\/08\/en-uruguay-igf-2017-overview_thumbnail.svg\" alt=\"Uruguay IGF 2017 \u30e2\u30f3\u30c6\u30d3\u30c7\u30aa \u2014 Thumbnail\"><\/p>\n<h2>The 3-Line Summary<\/h2>\n<p><img decoding=\"async\" src=\"https:\/\/nkzw.jp\/wp-content\/uploads\/2026\/08\/en-uruguay-igf-2017-overview_s3.svg\" alt=\"Uruguay IGF 2017 \u30e2\u30f3\u30c6\u30d3\u30c7\u30aa \u2014 3-line summary\"><\/p>\n<ol>\n<li><strong>On 13 September 2017 the second IGF Uruguay met at the Universidad Cat\u00f3lica in Montevideo under the theme &#39;Un pa\u00eds en clave digital&#39;, with over 400 participating in person and online.<\/strong><\/li>\n<li><strong>Five panels covered cybersecurity, the internet for sustainable development, digital rights, politics in the social-media age, and digital inclusion \u2014 with the OAS free-expression rapporteur Edison Lanza among the speakers.<\/strong><\/li>\n<li><strong>The edition cemented the AGESIC\u2013university\u2013ISOC operating coalition: a design worth studying for anyone pairing a digital government with citizen scrutiny.<\/strong><\/li>\n<\/ol>\n<p>Welcome \u2014 this is the Japan IGF Support Organization. This in-depth report on <strong>Second IGF Uruguay \u2014 &#39;Un pa\u00eds en clave digital&#39; (A Country in a Digital Key)<\/strong> draws on official outputs, session records and on-site reporting. In a hurry? The three lines above and the diagrams carry the gist.<\/p>\n<h2>Conference at a Glance (from official records)<\/h2>\n<p><img decoding=\"async\" src=\"https:\/\/nkzw.jp\/wp-content\/uploads\/2026\/08\/en-uruguay-igf-2017-overview_h2.svg\" alt=\"Uruguay IGF 2017 \u30e2\u30f3\u30c6\u30d3\u30c7\u30aa \u2014 Conference at a glance\"><\/p>\n<table>\n<thead>\n<tr>\n<th>Item<\/th>\n<th>Detail<\/th>\n<\/tr>\n<\/thead>\n<tbody>\n<tr>\n<td>Official name<\/td>\n<td>Second IGF Uruguay \u2014 &#39;Un pa\u00eds en clave digital&#39; (A Country in a Digital Key)<\/td>\n<\/tr>\n<tr>\n<td>Dates<\/td>\n<td>13 September 2017<\/td>\n<\/tr>\n<tr>\n<td>Venue<\/td>\n<td>Auditorio Francisco Bauz\u00e1, Universidad Cat\u00f3lica del Uruguay, Montevideo<\/td>\n<\/tr>\n<tr>\n<td>Theme<\/td>\n<td>Regional governance themes<\/td>\n<\/tr>\n<tr>\n<td>Participants<\/td>\n<td>400 (Press coverage reports &#39;over 400&#39; combining in-person participants and remote followers)<\/td>\n<\/tr>\n<tr>\n<td>Host<\/td>\n<td>Co-organised by AGESIC, the Internet Society, Observatic (UdelaR), Universidad Cat\u00f3lica and UTEC, with ASIET support; funded by IGFSA and ISOC&#39;s Beyond the Net programme<\/td>\n<\/tr>\n<tr>\n<td>Outcome<\/td>\n<td>Five panels under the theme &#39;Un pa\u00eds en clave digital&#39;, consolidating the public-private-academic organising coalition<\/td>\n<\/tr>\n<\/tbody>\n<\/table>\n<p>(See the source list at the end of this article.)<\/p>\n<h2>Discussion Digest \u2014 from the Session Records<\/h2>\n<p><img decoding=\"async\" src=\"https:\/\/nkzw.jp\/wp-content\/uploads\/2026\/08\/en-uruguay-igf-2017-overview_minutes.svg\" alt=\"Uruguay IGF 2017 \u30e2\u30f3\u30c6\u30d3\u30c7\u30aa \u2014 Discussion map\"><\/p>\n<p>Key exchanges extracted from session records and transcripts.<\/p>\n<h3>1. Cybersecurity \u2014 &#39;Everyone Has a Role to Play&#39;<\/h3>\n<p><strong>Sessions<\/strong>: Cybersecurity panel (Gabriel Lima, Interior Ministry; Santiago Paz, CERTuy; and others)<\/p>\n<ul>\n<li>The Interior Ministry and national CERT (CERTuy) laid out threat-response capabilities and the public-private division of labour [1][2]<\/li>\n<li>Coverage records a shared sense that &#39;we must all play a role regarding internet security&#39; [1][2]<\/li>\n<li>Defending the e-government stack gave the debate the urgency peculiar to a digital-state pioneer [1][2]<\/li>\n<\/ul>\n<h3>2. Digital Rights \u2014 with the Inter-American Free-Expression Rapporteur<\/h3>\n<p><strong>Sessions<\/strong>: Digital rights panel (Edison Lanza, IACHR; Patricia D\u00edaz, Creative Commons Uruguay; and others)<\/p>\n<ul>\n<li>Edison Lanza, the IACHR&#39;s Uruguayan special rapporteur for freedom of expression, framed the privacy\u2013expression balance in regional jurisprudence [1]<\/li>\n<li>Patricia D\u00edaz of Creative Commons Uruguay pressed the case for modernising copyright [1]<\/li>\n<li>The privacy-versus-expression relationship is recorded across coverage as a central theme [1]<\/li>\n<\/ul>\n<h3>3. Sustainable Development and Inclusion \u2014 Plan Ceibal and the 3,000-Student AD\u00c1N<\/h3>\n<p><strong>Sessions<\/strong>: Panels on the internet for sustainable human development, and digital inclusion and accessibility<\/p>\n<ul>\n<li>Telef\u00f3nica&#39;s Mercedes Aramendia cast access as a precondition of development; Plan Ceibal&#39;s Fiorella Haim showed the education-inclusion record [1][2]<\/li>\n<li>Concrete tools \u2014 library-based access and the AD\u00c1N learning platform with 3,000+ students \u2014 addressed the remaining divides [1][2]<\/li>\n<li>A politics-and-social-media panel examined how platforms had altered collective action [1][2]<\/li>\n<\/ul>\n<h3>4. The Coalition Completed \u2014 AGESIC and Two Universities on One Opening Stage<\/h3>\n<p><strong>Sessions<\/strong>: Opening session (Jos\u00e9 Clastornik, AGESIC; Sebasti\u00e1n Bellagamba, ISOC; Jos\u00e9 Pedro Derr\u00e9gibus, Telecoms Chamber; Universidad Cat\u00f3lica representatives)<\/p>\n<ul>\n<li>AGESIC director Jos\u00e9 Clastornik, ISOC&#39;s Sebasti\u00e1n Bellagamba, the Telecoms Chamber president and the host university opened the day together [2][1]<\/li>\n<li>Operations combined AGESIC, ISOC, two universities and UTEC, funded through IGFSA and ISOC&#39;s Beyond the Net \u2014 the standard international recipe [2][1]<\/li>\n<li>Moving from the public UdelaR (2016) to the private Universidad Cat\u00f3lica began a rotating-venue practice [2][1]<\/li>\n<\/ul>\n<h2>Three-Minute Short Talk \u2014 Your Questions Answered<\/h2>\n<p><strong>Q. What did the theme mean?<\/strong><\/p>\n<p>A. &#39;A country in a digital key&#39; asked how a state already ahead in e-government should run itself digitally \u2014 pride and self-scrutiny in one title.<\/p>\n<p><strong>Q. Who was the headline speaker?<\/strong><\/p>\n<p>A. Edison Lanza, the OAS system&#39;s special rapporteur for freedom of expression \u2014 an international human-rights mechanism speaking at his own country&#39;s national IGF.<\/p>\n<p><strong>Q. Why should I care?<\/strong><\/p>\n<p>A. A digital-government agency co-organising on equal terms with civil society and universities is a concrete model for any country with a digital ministry.<\/p>\n<h2>What Is Uruguay IGF? (for first-time readers)<\/h2>\n<p><img decoding=\"async\" src=\"https:\/\/nkzw.jp\/wp-content\/uploads\/2026\/08\/en-uruguay-igf-2017-overview_h1.svg\" alt=\"Uruguay IGF 2017 \u30e2\u30f3\u30c6\u30d3\u30c7\u30aa \u2014 About Uruguay IGF\"><\/p>\n<p>Uruguay IGF is a National or Regional IGF Initiative (NRI), aligning local internet governance discussion with global IGF principles.<\/p>\n<h2>Why It Matters to You<\/h2>\n<p>What was discussed here becomes <strong>the baseline for national digital policy, platform rules and AI regulation worldwide within a few years<\/strong>. The principles confirmed at the 2017 meeting are the foundation of the &quot;next rules&quot; for the phones, social platforms and AI services you use every day.<\/p>\n<h2>Sources &amp; References<\/h2>\n<ol>\n<li><a href=\"https:\/\/www.jentel.mx\/2017\/09\/18\/uruguay-celebro-su-segunda-edicion-del-foro-local-sobre-gobernanza-de-internet\/\">Uruguay celebr\u00f3 su segunda edici\u00f3n del foro local sobre gobernanza de Internet\uff08\u8a73\u7d30\u5831\u9053: 400\u4eba\u8d85\u30fb5\u30d1\u30cd\u30eb\u30fb\u767b\u58c7\u8005\uff09<\/a> \u2014 jentel.mx (accessed 2026-07-23)<\/li>\n<li><a href=\"https:\/\/web.archive.org\/web\/20210115233647\/https:\/\/www.telecomunicaciones.org.uy\/index.php\/segundo-foro-de-gobernanza-de-internet-en-uruguay\/\">Segundo Foro de Gobernanza de Internet en Uruguay\uff08\u4e3b\u50ac\u56e3\u4f53\u306e\u4e00\u89d2\u30fb\u901a\u4fe1\u4f01\u696d\u4f1a\u8b70\u6240\u306e\u4e8b\u5f8c\u5831\u544a\uff09<\/a> \u2014 C\u00e1mara de Telecomunicaciones del Uruguay\uff08Wayback Machine\u30a2\u30fc\u30ab\u30a4\u30d6\uff09 (accessed 2026-07-23)<\/li>\n<li><a href=\"https:\/\/www.intgovforum.org\/en\/content\/uruguay-national-igf\">Uruguay national IGF\uff08NRI\u516c\u5f0f\u8a18\u9332\uff09<\/a> \u2014 UN IGF Secretariat (accessed 2026-07-23)<\/li>\n<li><a href=\"https:\/\/lacigf.org\/iniciativas-nacionales\/\">Iniciativas de gobernanza \u2014 \u56fd\u5225\u30a4\u30cb\u30b7\u30a2\u30c1\u30d6\u4e00\u89a7<\/a> \u2014 lacigf.org (accessed 2026-07-23)<\/li>\n<\/ol>\n<p><em>Quotes are translated or condensed from the records listed above. Bracketed numbers [n] refer to the source list.<\/em><\/p>\n<hr>\n<p><strong>Related links<\/strong><\/p>\n<ul>\n<li>IGF official (NRI list): <a href=\"https:\/\/www.intgovforum.org\/en\/content\/national-and-regional-igf-initiatives\">https:\/\/www.intgovforum.org\/en\/content\/national-and-regional-igf-initiatives<\/a><\/li>\n<li>Japan IGF: <a href=\"https:\/\/japanigf.jp\/\">https:\/\/japanigf.jp\/<\/a><\/li>\n<li>Yuki Nakazawa&#39;s blog: <a href=\"https:\/\/nkzw.jp\/category\/igf\/\">https:\/\/nkzw.jp\/category\/igf\/<\/a><\/li>\n<\/ul>\n<h2>\u66f4\u65b0\u5c65\u6b74<\/h2>\n<p>\u7b2c1\u7a3f\u6295\u7a3f 2026\u5e748\u670813\u65e5 9\u664203\u5206\uff08\u8a18\u4e8b\u30b3\u30f3\u30c6\u30f3\u30c4\u30a2\u30c3\u30d7\uff09<\/p>\n<p><em>\u2014 \u4e2d\u6fa4\u7950\u6a39<\/em><\/p>\n","protected":false},"excerpt":{"rendered":"<p>On 13 September 2017 the second IGF Uruguay met at the Universidad Cat\u00f3lica in Montevideo under the theme &#8216;Un pa\u00eds en clave digital&#8217;, with o<\/p>\n","protected":false},"author":1,"featured_media":0,"comment_status":"","ping_status":"open","sticky":false,"template":"","format":"standard","meta":{"footnotes":""},"categories":[3,19,11,138],"tags":[163,161,160,162,164,2803],"class_list":["post-15275","post","type-post","status-publish","format-standard","hentry","category-igf","category-lacigf","category-regional-igf","category-uruguay-igf","tag-3-line-summary","tag-deep-dive","tag-english","tag-minutes-digest","tag-sourced","tag-uruguayigf2017"],"_links":{"self":[{"href":"https:\/\/nkzw.jp\/igf\/wp-json\/wp\/v2\/posts\/15275","targetHints":{"allow":["GET"]}}],"collection":[{"href":"https:\/\/nkzw.jp\/igf\/wp-json\/wp\/v2\/posts"}],"about":[{"href":"https:\/\/nkzw.jp\/igf\/wp-json\/wp\/v2\/types\/post"}],"author":[{"embeddable":true,"href":"https:\/\/nkzw.jp\/igf\/wp-json\/wp\/v2\/users\/1"}],"replies":[{"embeddable":true,"href":"https:\/\/nkzw.jp\/igf\/wp-json\/wp\/v2\/comments?post=15275"}],"version-history":[{"count":0,"href":"https:\/\/nkzw.jp\/igf\/wp-json\/wp\/v2\/posts\/15275\/revisions"}],"wp:attachment":[{"href":"https:\/\/nkzw.jp\/igf\/wp-json\/wp\/v2\/media?parent=15275"}],"wp:term":[{"taxonomy":"category","embeddable":true,"href":"https:\/\/nkzw.jp\/igf\/wp-json\/wp\/v2\/categories?post=15275"},{"taxonomy":"post_tag","embeddable":true,"href":"https:\/\/nkzw.jp\/igf\/wp-json\/wp\/v2\/tags?post=15275"}],"curies":[{"name":"wp","href":"https:\/\/api.w.org\/{rel}","templated":true}]}}