{"id":15279,"date":"2022-08-03T23:00:00","date_gmt":"2022-08-03T14:00:00","guid":{"rendered":"https:\/\/nkzw.jp\/igf\/2022\/08\/03\/en-uruguay-igf-2022-overview\/"},"modified":"2022-08-03T23:00:00","modified_gmt":"2022-08-03T14:00:00","slug":"en-uruguay-igf-2022-overview","status":"publish","type":"post","link":"https:\/\/nkzw.jp\/igf\/2022\/08\/03\/en-uruguay-igf-2022-overview\/","title":{"rendered":"Fourth IGF Uruguay \u2014 Foro de Gobernanza de Internet Uruguay 2022 \u2014 In-Depth Report: Minutes Digest &#038; 3-Line Summary"},"content":{"rendered":"<p><img decoding=\"async\" src=\"https:\/\/nkzw.jp\/wp-content\/uploads\/2026\/08\/en-uruguay-igf-2022-overview_thumbnail.svg\" alt=\"Uruguay IGF 2022 \u30e2\u30f3\u30c6\u30d3\u30c7\u30aa \u2014 Thumbnail\"><\/p>\n<h2>The 3-Line Summary<\/h2>\n<p><img decoding=\"async\" src=\"https:\/\/nkzw.jp\/wp-content\/uploads\/2026\/08\/en-uruguay-igf-2022-overview_s3.svg\" alt=\"Uruguay IGF 2022 \u30e2\u30f3\u30c6\u30d3\u30c7\u30aa \u2014 3-line summary\"><\/p>\n<ol>\n<li><strong>On 15\u201316 November 2022 the fourth IGF Uruguay met in Montevideo&#39;s Torre Ejecutiva \u2014 the first edition in four years, run hybrid inside the government&#39;s Digitalisation Week.<\/strong><\/li>\n<li><strong>Four panels over two days: youth and digital citizenship, protecting children online under CRC General Comment 25, online content regulation, and internet fragmentation.<\/strong><\/li>\n<li><strong>AGESIC and ISOC Uruguay opened jointly, and subtitled recordings went up on Archive.org. Restarting a dormant national IGF by embedding it in a government week is a tactic worth noting.<\/strong><\/li>\n<\/ol>\n<p>Welcome \u2014 this is the Japan IGF Support Organization. This in-depth report on <strong>Fourth IGF Uruguay \u2014 Foro de Gobernanza de Internet Uruguay 2022<\/strong> draws on official outputs, session records and on-site reporting. In a hurry? The three lines above and the diagrams carry the gist.<\/p>\n<h2>Conference at a Glance (from official records)<\/h2>\n<p><img decoding=\"async\" src=\"https:\/\/nkzw.jp\/wp-content\/uploads\/2026\/08\/en-uruguay-igf-2022-overview_h2.svg\" alt=\"Uruguay IGF 2022 \u30e2\u30f3\u30c6\u30d3\u30c7\u30aa \u2014 Conference at a glance\"><\/p>\n<table>\n<thead>\n<tr>\n<th>Item<\/th>\n<th>Detail<\/th>\n<\/tr>\n<\/thead>\n<tbody>\n<tr>\n<td>Official name<\/td>\n<td>Fourth IGF Uruguay \u2014 Foro de Gobernanza de Internet Uruguay 2022<\/td>\n<\/tr>\n<tr>\n<td>Dates<\/td>\n<td>15\u201316 November 2022<\/td>\n<\/tr>\n<tr>\n<td>Venue<\/td>\n<td>Sala de actos, Torre Ejecutiva (the executive-branch tower), Montevideo; hybrid format<\/td>\n<\/tr>\n<tr>\n<td>Theme<\/td>\n<td>Regional governance themes<\/td>\n<\/tr>\n<tr>\n<td>Host<\/td>\n<td>Organised by AGESIC and the ISOC Uruguay chapter with LACNIC, ICANN and civil-society partners, within the government&#39;s &#39;Semana de la Digitalizaci\u00f3n&#39;<\/td>\n<\/tr>\n<tr>\n<td>Outcome<\/td>\n<td>The revival edition after the 2019\u20132021 hiatus; session recordings were published on Archive.org with Spanish\/English subtitles<\/td>\n<\/tr>\n<\/tbody>\n<\/table>\n<p>(See the source list at the end of this article.)<\/p>\n<h2>Discussion Digest \u2014 from the Session Records<\/h2>\n<p><img decoding=\"async\" src=\"https:\/\/nkzw.jp\/wp-content\/uploads\/2026\/08\/en-uruguay-igf-2022-overview_minutes.svg\" alt=\"Uruguay IGF 2022 \u30e2\u30f3\u30c6\u30d3\u30c7\u30aa \u2014 Discussion map\"><\/p>\n<p>Key exchanges extracted from session records and transcripts.<\/p>\n<h3>1. The Four-Year Restart \u2014 Rebooting Inside the Government&#39;s Digitalisation Week<\/h3>\n<p><strong>Sessions<\/strong>: Opening (15 Nov; Virginia Pardo, AGESIC, and Laura Margolis, ISOC Uruguay)<\/p>\n<ul>\n<li>Organisers billed it as &#39;the 4th edition&#39; after &#39;years of the health emergency&#39;, officially acknowledging the 2019\u20132021 gap [1][2]<\/li>\n<li>Meeting in the executive tower and piggybacking on AGESIC&#39;s Digitalisation Week cut venue, publicity and mobilisation costs [1][2]<\/li>\n<li>AGESIC&#39;s Virginia Pardo and ISOC Uruguay&#39;s Laura Margolis opened jointly, embodying the public-civic partnership [1][2]<\/li>\n<\/ul>\n<h3>2. Children Online \u2014 Bringing CRC General Comment 25 into National Dialogue<\/h3>\n<p><strong>Sessions<\/strong>: Panel on protecting children online (15 Nov, 11:40; Carola Kweksilber, Pablo de los Campos and others)<\/p>\n<ul>\n<li>The panel worked from CRC General Comment 25 (2021) on children&#39;s rights in the digital environment, balancing protection with participation [1][2]<\/li>\n<li>The morning youth panel addressed bringing digital citizenship to the most vulnerable young people, with Youth IGF-linked speakers [1][2]<\/li>\n<li>With Plan Ceibal in schools, Uruguay debates children online as operations, not abstraction [1][2]<\/li>\n<\/ul>\n<h3>3. The Content-Regulation Dilemma<\/h3>\n<p><strong>Sessions<\/strong>: Panel &#39;Implications of online content regulation&#39; (16 Nov, 2 pm; moderator Ernesto Maj\u00f3; Ra\u00fal Echeberr\u00eda, Gustavo G\u00f3mez and others)<\/p>\n<ul>\n<li>ALAI&#39;s Ra\u00fal Echeberr\u00eda, Observacom&#39;s Gustavo G\u00f3mez and lawyer Guzm\u00e1n Acosta y Lara debated regulatory design and its free-expression costs [1][2]<\/li>\n<li>The regional &#39;what, who and how&#39; of platform regulation was grounded in Uruguay&#39;s own media-law debates [1][2]<\/li>\n<li>Industry, civil society and the bar were deliberately seated together to avoid a binary for\/against framing [1][2]<\/li>\n<\/ul>\n<h3>4. Internet Fragmentation \u2014 Defending the Open, Interconnected Net<\/h3>\n<p><strong>Sessions<\/strong>: Panel &#39;Internet fragmentation&#39; (16 Nov, 3:30 pm; moderator Oscar Giudice; Christian O&#39;Flaherty, Nicol\u00e1s Antoniello and others)<\/p>\n<ul>\n<li>ISOC&#39;s Christian O&#39;Flaherty and ICANN technologist Nicol\u00e1s Antoniello mapped the technical and legislative threats to an &#39;open, interconnected and interoperable&#39; internet [1][2][3]<\/li>\n<li>The 2022 context \u2014 sanctions, shutdown talk and splinternet fears after the invasion of Ukraine \u2014 entered the national dialogue through this panel [1][2][3]<\/li>\n<li>Recordings were preserved on Archive.org with Spanish\/English subtitles after ISOC Live&#39;s multi-channel simulcast [1][2][3]<\/li>\n<\/ul>\n<h2>Three-Minute Short Talk \u2014 Your Questions Answered<\/h2>\n<p><strong>Q. How did it restart after four years?<\/strong><\/p>\n<p>A. By embedding itself in AGESIC&#39;s Digitalisation Week \u2014 borrowing the government&#39;s venue, publicity and audience. A pragmatic reboot recipe for dormant national IGFs.<\/p>\n<p><strong>Q. What was discussed?<\/strong><\/p>\n<p>A. Youth digital citizenship, children online under CRC General Comment 25, content regulation, and internet fragmentation \u2014 2022&#39;s global agenda in miniature.<\/p>\n<p><strong>Q. Why should I care?<\/strong><\/p>\n<p>A. Fragmentation is on every IGF&#39;s agenda now, and archiving subtitled recordings on Archive.org sets a standard for treating meeting records as public goods.<\/p>\n<h2>What Is Uruguay IGF? (for first-time readers)<\/h2>\n<p><img decoding=\"async\" src=\"https:\/\/nkzw.jp\/wp-content\/uploads\/2026\/08\/en-uruguay-igf-2022-overview_h1.svg\" alt=\"Uruguay IGF 2022 \u30e2\u30f3\u30c6\u30d3\u30c7\u30aa \u2014 About Uruguay IGF\"><\/p>\n<p>Uruguay IGF is a National or Regional IGF Initiative (NRI), aligning local internet governance discussion with global IGF principles.<\/p>\n<h2>Why It Matters to You<\/h2>\n<p>What was discussed here becomes <strong>the baseline for national digital policy, platform rules and AI regulation worldwide within a few years<\/strong>. The principles confirmed at the 2022 meeting are the foundation of the &quot;next rules&quot; for the phones, social platforms and AI services you use every day.<\/p>\n<h2>Sources &amp; References<\/h2>\n<ol>\n<li><a href=\"https:\/\/isoc.live\/16031\/\">WEBCAST 15-16 NOV \u2014 Foro de Gobernanza de Internet Uruguay 2022\uff08\u8a73\u7d30\u544a\u77e5: \u7b2c4\u56de\u30fb\u518d\u958b\u30fb\u5168\u30d1\u30cd\u30eb\u3068\u767b\u58c7\u8005\uff09<\/a> \u2014 isoc.live (accessed 2026-07-23)<\/li>\n<li><a href=\"https:\/\/igf.org.uy\/ediciones-pasadas\/\">Ediciones pasadas \u2014 IGF Uruguay 2022\uff08\u516c\u5f0f\u30b5\u30a4\u30c8\u306e\u904e\u53bb\u5927\u4f1a\u8a18\u9332: \u4f1a\u5834Torre Ejecutiva\u30fb\u30d1\u30cd\u30eb\u8a73\u7d30\uff09<\/a> \u2014 igf.org.uy (accessed 2026-07-23)<\/li>\n<li><a href=\"https:\/\/archive.org\/details\/igfuy2022\">Foro de Gobernanza de Internet Uruguay 2022\uff08\u5168\u30bb\u30c3\u30b7\u30e7\u30f3\u9332\u753b\u30fb\u897f\u82f1\u5b57\u5e55\u4ed8\u304d\uff09<\/a> \u2014 ISOC Uruguay \/ Internet Archive (accessed 2026-07-23)<\/li>\n<li><a href=\"https:\/\/www.intgovforum.org\/en\/content\/uruguay-national-igf\">Uruguay national IGF\uff08NRI\u516c\u5f0f\u8a18\u9332\uff09<\/a> \u2014 UN IGF Secretariat (accessed 2026-07-23)<\/li>\n<\/ol>\n<p><em>Quotes are translated or condensed from the records listed above. Bracketed numbers [n] refer to the source list.<\/em><\/p>\n<hr>\n<p><strong>Related links<\/strong><\/p>\n<ul>\n<li>IGF official (NRI list): <a href=\"https:\/\/www.intgovforum.org\/en\/content\/national-and-regional-igf-initiatives\">https:\/\/www.intgovforum.org\/en\/content\/national-and-regional-igf-initiatives<\/a><\/li>\n<li>Japan IGF: <a href=\"https:\/\/japanigf.jp\/\">https:\/\/japanigf.jp\/<\/a><\/li>\n<li>Yuki Nakazawa&#39;s blog: <a href=\"https:\/\/nkzw.jp\/category\/igf\/\">https:\/\/nkzw.jp\/category\/igf\/<\/a><\/li>\n<\/ul>\n<h2>\u66f4\u65b0\u5c65\u6b74<\/h2>\n<p>\u7b2c1\u7a3f\u6295\u7a3f 2026\u5e747\u670831\u65e5 21\u664243\u5206\uff08\u8a18\u4e8b\u30b3\u30f3\u30c6\u30f3\u30c4\u30a2\u30c3\u30d7\uff09<\/p>\n<p><em>\u2014 \u4e2d\u6fa4\u7950\u6a39<\/em><\/p>\n","protected":false},"excerpt":{"rendered":"<p>On 15\u201316 November 2022 the fourth IGF Uruguay met in Montevideo&#8217;s Torre Ejecutiva \u2014 the first edition in four years, run hybrid inside the g<\/p>\n","protected":false},"author":1,"featured_media":0,"comment_status":"","ping_status":"open","sticky":false,"template":"","format":"standard","meta":{"footnotes":""},"categories":[3,19,11,138],"tags":[163,161,160,162,164,2805],"class_list":["post-15279","post","type-post","status-publish","format-standard","hentry","category-igf","category-lacigf","category-regional-igf","category-uruguay-igf","tag-3-line-summary","tag-deep-dive","tag-english","tag-minutes-digest","tag-sourced","tag-uruguayigf2022"],"_links":{"self":[{"href":"https:\/\/nkzw.jp\/igf\/wp-json\/wp\/v2\/posts\/15279","targetHints":{"allow":["GET"]}}],"collection":[{"href":"https:\/\/nkzw.jp\/igf\/wp-json\/wp\/v2\/posts"}],"about":[{"href":"https:\/\/nkzw.jp\/igf\/wp-json\/wp\/v2\/types\/post"}],"author":[{"embeddable":true,"href":"https:\/\/nkzw.jp\/igf\/wp-json\/wp\/v2\/users\/1"}],"replies":[{"embeddable":true,"href":"https:\/\/nkzw.jp\/igf\/wp-json\/wp\/v2\/comments?post=15279"}],"version-history":[{"count":0,"href":"https:\/\/nkzw.jp\/igf\/wp-json\/wp\/v2\/posts\/15279\/revisions"}],"wp:attachment":[{"href":"https:\/\/nkzw.jp\/igf\/wp-json\/wp\/v2\/media?parent=15279"}],"wp:term":[{"taxonomy":"category","embeddable":true,"href":"https:\/\/nkzw.jp\/igf\/wp-json\/wp\/v2\/categories?post=15279"},{"taxonomy":"post_tag","embeddable":true,"href":"https:\/\/nkzw.jp\/igf\/wp-json\/wp\/v2\/tags?post=15279"}],"curies":[{"name":"wp","href":"https:\/\/api.w.org\/{rel}","templated":true}]}}